{"id":27473,"date":"2026-04-28T13:44:33","date_gmt":"2026-04-28T11:44:33","guid":{"rendered":"https:\/\/www.vokes.vilnius.lm.lt\/?p=27473"},"modified":"2026-04-28T13:44:43","modified_gmt":"2026-04-28T11:44:43","slug":"direktoriaus-komentaras-apie-vokieciu-kalbos-svarba","status":"publish","type":"post","link":"https:\/\/www.vokes.vilnius.lm.lt\/?p=27473","title":{"rendered":"DIREKTORIAUS KOMENTARAS APIE VOKIE\u010cI\u0172 KALBOS SVARB\u0104"},"content":{"rendered":"<div class=\"entry\">\n\n<div class=\"x_elementToProof\" style=\"text-align: justify;\" data-olk-copy-source=\"MessageBody\"><span style=\"font-family: 'times new roman', times, serif; font-size: 14pt;\">Vilniaus Trak\u0173 Vok\u0117s gimnazijos direktorius, pasisakydamas \u017dini\u0173 radijo laidoje \u201eRyto espresso\u201c tema \u201eAr Lietuvoje auga vokie\u010di\u0173 kalbos populiarumas?\u201c, atkreipia d\u0117mes\u012f \u012f augant\u012f vokie\u010di\u0173 kalbos aktualum\u0105 Lietuvoje. Pastaruoju metu vis labiau ry\u0161k\u0117ja poreikis mok\u0117ti \u0161i\u0105 kalb\u0105, ypa\u010d d\u0117l stipri\u0173 ekonomini\u0173 ry\u0161i\u0173 su Vokietija ir did\u0117jan\u010di\u0173 investicij\u0173. Direktoriaus teigimu, nors ilg\u0105 laik\u0105 vokie\u010di\u0173 kalbos pasirinkimas mokyklose buvo suma\u017e\u0117j\u0119s, \u0161iandien situacija kei\u010diasi \u2013 tiek mokiniai, tiek j\u0173 t\u0117vai vis da\u017eniau domisi galimybe rinktis vokie\u010di\u0173 kaip antr\u0105j\u0105 u\u017esienio kalb\u0105, kuri atvert\u0173 platesnes studij\u0173 ir karjeros perspektyvas. \u201eMatome ai\u0161ki\u0105 tendencij\u0105: vokie\u010di\u0173 kalbos poreikis auga, o geb\u0117jimas j\u0105 mok\u0117ti tampa svarbiu konkurenciniu prana\u0161umu\u201c, \u2013 pabr\u0117\u017eia gimnazijos vadovas.<\/span><\/div>\n<div class=\"x_elementToProof\" style=\"text-align: justify;\"><span style=\"font-family: 'times new roman', times, serif; font-size: 14pt;\">Vilniaus Trak\u0173 Vok\u0117s gimnazija skatina mokinius rinktis vokie\u010di\u0173 kalb\u0105 ir aktyviai dom\u0117tis jos teikiamomis galimyb\u0117mis, nes tai \u2013 investicija \u012f ateit\u012f, studijas bei tarptautin\u0119 karjer\u0105.<\/span><\/div>\n<div class=\"x_elementToProof\" style=\"text-align: justify;\"><span style=\"font-family: 'times new roman', times, serif; font-size: 14pt;\">Nuoroda \u012f radijo \u012fra\u0161\u0105:\u00a0<a title=\"https:\/\/m.ziniuradijas.lt\/laidos\/ryto-espresso\/ar-lietuvoje-auga-vokieciu-kalbos-populiarumas?soundtrack=1\" href=\"https:\/\/m.ziniuradijas.lt\/laidos\/ryto-espresso\/ar-lietuvoje-auga-vokieciu-kalbos-populiarumas?soundtrack=1\" target=\"_blank\" rel=\"noopener noreferrer\" data-auth=\"NotApplicable\" data-linkindex=\"0\">https:\/\/m.ziniuradijas.lt\/laidos\/ryto-espresso\/ar-lietuvoje-auga-vokieciu-kalbos-populiarumas?soundtrack=1<\/a><\/span><\/div>\n\n\n<p><\/p>\n\n\n<\/div>","protected":false},"excerpt":{"rendered":"<p>Vilniaus Trak\u0173 Vok\u0117s gimnazijos direktorius, pasisakydamas \u017dini\u0173 radijo laidoje \u201eRyto espresso\u201c tema \u201eAr Lietuvoje auga vokie\u010di\u0173 kalbos populiarumas?\u201c, atkreipia d\u0117mes\u012f \u012f augant\u012f vokie\u010di\u0173 kalbos aktualum\u0105 Lietuvoje. Pastaruoju metu vis labiau ry\u0161k\u0117ja poreikis mok\u0117ti \u0161i\u0105 kalb\u0105, ypa\u010d d\u0117l stipri\u0173 ekonomini\u0173 ry\u0161i\u0173 su Vokietija ir did\u0117jan\u010di\u0173 investicij\u0173. Direktoriaus teigimu, nors ilg\u0105 laik\u0105 vokie\u010di\u0173 kalbos pasirinkimas mokyklose buvo &#8230;<\/p>\n","protected":false},"author":1,"featured_media":0,"comment_status":"closed","ping_status":"closed","sticky":false,"template":"","format":"standard","meta":{"footnotes":""},"categories":[1],"tags":[],"class_list":{"0":"post-27473","1":"post","2":"type-post","3":"status-publish","4":"format-standard","6":"category-neklasifikuota","7":"anons"},"_links":{"self":[{"href":"https:\/\/www.vokes.vilnius.lm.lt\/index.php?rest_route=\/wp\/v2\/posts\/27473","targetHints":{"allow":["GET"]}}],"collection":[{"href":"https:\/\/www.vokes.vilnius.lm.lt\/index.php?rest_route=\/wp\/v2\/posts"}],"about":[{"href":"https:\/\/www.vokes.vilnius.lm.lt\/index.php?rest_route=\/wp\/v2\/types\/post"}],"author":[{"embeddable":true,"href":"https:\/\/www.vokes.vilnius.lm.lt\/index.php?rest_route=\/wp\/v2\/users\/1"}],"replies":[{"embeddable":true,"href":"https:\/\/www.vokes.vilnius.lm.lt\/index.php?rest_route=%2Fwp%2Fv2%2Fcomments&post=27473"}],"version-history":[{"count":1,"href":"https:\/\/www.vokes.vilnius.lm.lt\/index.php?rest_route=\/wp\/v2\/posts\/27473\/revisions"}],"predecessor-version":[{"id":27474,"href":"https:\/\/www.vokes.vilnius.lm.lt\/index.php?rest_route=\/wp\/v2\/posts\/27473\/revisions\/27474"}],"wp:attachment":[{"href":"https:\/\/www.vokes.vilnius.lm.lt\/index.php?rest_route=%2Fwp%2Fv2%2Fmedia&parent=27473"}],"wp:term":[{"taxonomy":"category","embeddable":true,"href":"https:\/\/www.vokes.vilnius.lm.lt\/index.php?rest_route=%2Fwp%2Fv2%2Fcategories&post=27473"},{"taxonomy":"post_tag","embeddable":true,"href":"https:\/\/www.vokes.vilnius.lm.lt\/index.php?rest_route=%2Fwp%2Fv2%2Ftags&post=27473"}],"curies":[{"name":"wp","href":"https:\/\/api.w.org\/{rel}","templated":true}]}}